[{"@context":"https:\/\/schema.org\/","@type":"Article","@id":"https:\/\/www.moseko.cz\/obcas-staci-prepnout-stanici\/#Article","mainEntityOfPage":"https:\/\/www.moseko.cz\/obcas-staci-prepnout-stanici\/","headline":"Ob\u010das sta\u010d\u00ed p\u0159epnout stanici","name":"Ob\u010das sta\u010d\u00ed p\u0159epnout stanici","description":"Ka\u017ed\u00fd ve\u010der si pust\u00edm televizi. A co tam nenajdu? Ka\u017ed\u00fd ve\u010der pomalu sly\u0161\u00edm to stejn\u00e9 a neust\u00e1le je tam slovo t\u00e9ma politika. Samoz\u0159ejm\u011b se po\u0159\u00e1d sna\u017e\u00ed zlep\u0161ovat n\u00e1\u0161 \u017eivot, ale prost\u011b opravdu n\u011bkdy se to ned\u00e1 v\u016fbec poslouchat, proto\u017ee neust\u00e1le se politici mezi sebou h\u00e1daj\u00ed, po\u0159\u00e1d sami sebe kritizuj\u00ed a hodnot\u00ed pomalu i sami sebe, a to opravdu nen\u00ed a\u017e [&hellip;]","datePublished":"2024-07-19","dateModified":"2024-07-19","author":{"@type":"Person","@id":"https:\/\/www.moseko.cz\/author\/#Person","name":"","url":"https:\/\/www.moseko.cz\/author\/","identifier":1,"image":{"@type":"ImageObject","@id":"https:\/\/secure.gravatar.com\/avatar\/0c4621640b5c0734669aeb181ef77969b528487727344f28e734a206566ea0f1?s=96&d=mm&r=g","url":"https:\/\/secure.gravatar.com\/avatar\/0c4621640b5c0734669aeb181ef77969b528487727344f28e734a206566ea0f1?s=96&d=mm&r=g","height":96,"width":96}},"publisher":{"@type":"Organization","name":"moseko.cz","logo":{"@type":"ImageObject","@id":"\/logo.png","url":"\/logo.png","width":600,"height":60}},"image":{"@type":"ImageObject","@id":"https:\/\/www.moseko.cz\/wp-content\/uploads\/student-5675055_640_2.png","url":"https:\/\/www.moseko.cz\/wp-content\/uploads\/student-5675055_640_2.png","height":0,"width":0},"url":"https:\/\/www.moseko.cz\/obcas-staci-prepnout-stanici\/","about":["Politika"],"wordCount":444,"articleBody":"Ka\u017ed\u00fd ve\u010der si pust\u00edm televizi. A co tam nenajdu? Ka\u017ed\u00fd ve\u010der pomalu sly\u0161\u00edm to stejn\u00e9 a neust\u00e1le je tam slovo t\u00e9ma politika. Samoz\u0159ejm\u011b se po\u0159\u00e1d sna\u017e\u00ed zlep\u0161ovat n\u00e1\u0161 \u017eivot, ale prost\u011b opravdu n\u011bkdy se to ned\u00e1 v\u016fbec poslouchat, proto\u017ee neust\u00e1le se politici mezi sebou h\u00e1daj\u00ed, po\u0159\u00e1d sami sebe kritizuj\u00ed a hodnot\u00ed pomalu i sami sebe, a to opravdu nen\u00ed a\u017e tak dobr\u00e9. Samoz\u0159ejm\u011b, koho zaj\u00edm\u00e1 televize a politika, tak opravdu se m\u00e1te na co koukat, ale pokud se chcete t\u0159eba zab\u00fdvat n\u011b\u010d\u00edm jin\u00fdm, tak si rozhodn\u011b t\u0159eba pus\u0165te n\u011bjak\u00fd hezk\u00fd film nebo si ud\u011blejte n\u011bjak\u00fd hezk\u00fd ve\u010der, proto\u017ee koukat ka\u017ed\u00fd den na politiku tak\u00e9 nemus\u00ed b\u00fdt pro \u010dlov\u011bka opravdu p\u0159\u00ednosn\u00e9.Ka\u017ed\u00fd \u010dlov\u011bk by se opravdu m\u011bl sna\u017eit zam\u011b\u0159it i na v\u00edce jin\u00e9 r\u016fzn\u00e9 v\u011bci a nejenom na politiku, kter\u00e1 opravdu by se mohla \u0159e\u0161it naprosto ka\u017ed\u00fd den, proto\u017ee v politice opravdu je po\u0159\u00e1d neust\u00e1le co \u0159e\u0161it. Samoz\u0159ejm\u011b, opravdu, kdy\u017e pust\u00edte televizi nebo si pust\u00edte r\u00e1dio, tak opravdu nesly\u0161\u00edte nic jin\u00e9ho ne\u017e tu politiku. J\u00e1 se popravd\u011b p\u0159izn\u00e1m, \u017ee opravdu j\u00e1, kdy\u017e pust\u00edm v aut\u011b r\u00e1dio, tak sly\u0161\u00edm, co se zase \u0159e\u0161\u00ed a co vl\u00e1da schvaluje a podobn\u011b. Popravd\u011b se sna\u017e\u00edm i tu stanici p\u0159epnout, proto\u017ee opravdu se sna\u017e\u00edm pustit si n\u011bco jin\u00e9ho, pustit si hudbu, a opravdu se sna\u017e\u00edm o to, abych tro\u0161ku zapomn\u011bla na to, co se te\u010fka d\u011bje ve sv\u011bt\u011b, a opravdu se zam\u011b\u0159ila t\u0159eba na n\u011bco \u00fapln\u011b jin\u00e9ho. Ka\u017ed\u00fd samoz\u0159ejm\u011b na politiku m\u00e1 svoje n\u00e1zory a ka\u017ed\u00fd prost\u011b to m\u016f\u017ee vid\u011bt \u00fapln\u011b jinak, ale rozhodn\u011b bychom ur\u010dit\u011b do toho nem\u011bli vylo\u017een\u011b spadnout a opravdu b\u00fdt na to hodn\u011b zam\u011b\u0159en\u00ed, proto\u017ee to opravdu pro \u010dlov\u011bka v\u016fbec nen\u00ed dobr\u00e9 ani p\u0159\u00ednosn\u00e9. Ob\u010das sta\u010d\u00ed zm\u011bnit t\u00e9ma a prost\u011b najednou se zm\u011bn\u00ed ledasco okolo v\u00e1s, proto\u017ee opravdu, kdy\u017e budete zam\u011b\u0159en\u00ed na tu jednu v\u011bc, tak opravdu to nen\u00ed p\u0159\u00ednosn\u00e9 pro \u010dlov\u011bka. Proto rad\u011bji si opravdu zarelaxujte tro\u0161ku jinak. A kdy\u017e n\u00e1hodou natref\u00edte, \u017ee pojede n\u011bkde v televizi v r\u00e1diu politika, tak ji ob\u010das p\u0159epn\u011bte a pus\u0165te si n\u011bco jin\u00e9ho.                                                                                                                                                                                                                                                                                                                                                                                        4.2\/5 - (9 votes)        "},{"@context":"https:\/\/schema.org\/","@type":"BreadcrumbList","itemListElement":[{"@type":"ListItem","position":1,"name":"Ob\u010das sta\u010d\u00ed p\u0159epnout stanici","item":"https:\/\/www.moseko.cz\/obcas-staci-prepnout-stanici\/#breadcrumbitem"}]}]