[{"@context":"https:\/\/schema.org\/","@type":"Article","@id":"https:\/\/www.moseko.cz\/neocenitelny-minijerab\/#Article","mainEntityOfPage":"https:\/\/www.moseko.cz\/neocenitelny-minijerab\/","headline":"Neoceniteln\u00fd minije\u0159\u00e1b","name":"Neoceniteln\u00fd minije\u0159\u00e1b","description":"Stav\u00edte \u010di prov\u00e1d\u00edte mont\u00e1\u017en\u00ed pr\u00e1ce, pr\u00e1ce v pr\u016fmyslov\u00fdch interi\u00e9rech nebo \u00fadr\u017ebov\u00e9 pr\u00e1ce? Potom jist\u011b ocen\u00edte minije\u0159\u00e1b. Je ur\u010den\u00fd nejen pro pr\u00e1ci ve venkovn\u00edch prostor\u00e1ch, ale d\u00edky podp\u011br\u00e1m, kter\u00e9 jsou \u0161etrn\u00e9 k podlaze, a tak\u00e9 gumov\u00fdm p\u00e1s\u016fm ho lze pou\u017e\u00edt tak\u00e9 ve vnit\u0159n\u00edch prostor\u00e1ch. A\u0165 u\u017e pot\u0159ebujete pracovat v bahnit\u00fdch ter\u00e9nech, na strm\u00fdch svaz\u00edch nebo v m\u00edstech, kde je st\u00edsn\u011bn\u00fd prostor, [&hellip;]","datePublished":"2024-04-26","dateModified":"2024-04-26","author":{"@type":"Person","@id":"https:\/\/www.moseko.cz\/author\/#Person","name":"","url":"https:\/\/www.moseko.cz\/author\/","identifier":1,"image":{"@type":"ImageObject","@id":"https:\/\/secure.gravatar.com\/avatar\/0c4621640b5c0734669aeb181ef77969b528487727344f28e734a206566ea0f1?s=96&d=mm&r=g","url":"https:\/\/secure.gravatar.com\/avatar\/0c4621640b5c0734669aeb181ef77969b528487727344f28e734a206566ea0f1?s=96&d=mm&r=g","height":96,"width":96}},"publisher":{"@type":"Organization","name":"moseko.cz","logo":{"@type":"ImageObject","@id":"\/logo.png","url":"\/logo.png","width":600,"height":60}},"url":"https:\/\/www.moseko.cz\/neocenitelny-minijerab\/","wordCount":232,"articleBody":"Stav\u00edte \u010di prov\u00e1d\u00edte mont\u00e1\u017en\u00ed pr\u00e1ce, pr\u00e1ce v pr\u016fmyslov\u00fdch interi\u00e9rech nebo \u00fadr\u017ebov\u00e9 pr\u00e1ce? Potom jist\u011b ocen\u00edte minije\u0159\u00e1b. Je ur\u010den\u00fd nejen pro pr\u00e1ci ve venkovn\u00edch prostor\u00e1ch, ale d\u00edky podp\u011br\u00e1m, kter\u00e9 jsou \u0161etrn\u00e9 k podlaze, a tak\u00e9 gumov\u00fdm p\u00e1s\u016fm ho lze pou\u017e\u00edt tak\u00e9 ve vnit\u0159n\u00edch prostor\u00e1ch. A\u0165 u\u017e pot\u0159ebujete pracovat v bahnit\u00fdch ter\u00e9nech, na strm\u00fdch svaz\u00edch nebo v m\u00edstech, kde je st\u00edsn\u011bn\u00fd prostor, s na\u0161\u00ed technikou se dostanete naprosto v\u0161ude.\u0158e\u0161en\u00ed pro v\u00e1sNa\u0161e spole\u010dnost v\u00e1m nab\u00edz\u00ed \u0159e\u0161en\u00ed pro mont\u00e1\u017ee a instalace ve velk\u00fdch v\u00fd\u0161k\u00e1ch nebo na nep\u0159\u00edstupn\u00fdch m\u00edstech. S na\u0161\u00ed technikou se dostanete na m\u00edsta, kde jsou jin\u00e9 p\u0159\u00edstroje limitov\u00e1ny svou velikost\u00ed, vahou nebo nepohyblivost\u00ed. Pokud hled\u00e1te maxim\u00e1ln\u011b efektivn\u00ed \u0159e\u0161en\u00ed pro svou pr\u00e1ci, vyberte si n\u00e1s a budete spokojeni. U\u0161et\u0159\u00edme v\u00e1m \u010das, person\u00e1l a samoz\u0159ejm\u011b tak\u00e9 finance. Samoz\u0159ejm\u011b je tak\u00e9 mo\u017en\u00e9 si na\u0161\u00ed techniku pronajmout. A to jak s obsluhou, tak tak\u00e9 bez obsluhy. Pokud nev\u00edte, kter\u00fd p\u0159\u00edstroj bude optim\u00e1ln\u00ed pro va\u0161i pr\u00e1ci, nechte si poradit od na\u0161ich odborn\u00fdch technik\u016f.                                                                                                                                                                                                                                                                                                                                                                                        5\/5 - (1 vote)        "},{"@context":"https:\/\/schema.org\/","@type":"BreadcrumbList","itemListElement":[{"@type":"ListItem","position":1,"name":"Neoceniteln\u00fd minije\u0159\u00e1b","item":"https:\/\/www.moseko.cz\/neocenitelny-minijerab\/#breadcrumbitem"}]}]