[{"@context":"https:\/\/schema.org\/","@type":"Article","@id":"https:\/\/www.moseko.cz\/maly-interier-musime-rozsvitit\/#Article","mainEntityOfPage":"https:\/\/www.moseko.cz\/maly-interier-musime-rozsvitit\/","headline":"Mal\u00fd interi\u00e9r mus\u00edme rozsv\u00edtit!","name":"Mal\u00fd interi\u00e9r mus\u00edme rozsv\u00edtit!","description":"Pokud je n\u00e1\u0161 byt tmav\u00fd, na psychick\u00e9m ani fyzick\u00e9m zdrav\u00ed n\u00e1m to moc nep\u0159id\u00e1. Je pot\u0159eba tam sv\u011btlo dostat! Kdy\u017e nen\u00ed dost toho p\u0159irozen\u00e9ho, ze slune\u010dn\u00edch paprsk\u016f, pom\u016f\u017ee \u0161ikovn\u00e9 um\u011bl\u00e9 osv\u011btlen\u00ed! Po\u0159\u00e1dn\u011b posv\u00edtit si mus\u00edme hlavn\u011b v bytech mal\u00fdch. Nechceme p\u0159eci, aby se podobaly tmav\u00fdm kobk\u00e1m! Za\u0159\u00eddit mali\u010dk\u00fd byt tak, aby se z n\u011bj stal hezk\u00fd sv\u011btl\u00fd domov, s t\u00edm [&hellip;]","datePublished":"2020-02-23","dateModified":"2020-02-23","author":{"@type":"Person","@id":"https:\/\/www.moseko.cz\/author\/#Person","name":"","url":"https:\/\/www.moseko.cz\/author\/","identifier":1,"image":{"@type":"ImageObject","@id":"https:\/\/secure.gravatar.com\/avatar\/0c4621640b5c0734669aeb181ef77969b528487727344f28e734a206566ea0f1?s=96&d=mm&r=g","url":"https:\/\/secure.gravatar.com\/avatar\/0c4621640b5c0734669aeb181ef77969b528487727344f28e734a206566ea0f1?s=96&d=mm&r=g","height":96,"width":96}},"publisher":{"@type":"Organization","name":"moseko.cz","logo":{"@type":"ImageObject","@id":"\/logo.png","url":"\/logo.png","width":600,"height":60}},"image":{"@type":"ImageObject","@id":"https:\/\/www.moseko.cz\/wp-content\/uploads\/img_a374610_w1708_t1586342828.jpg","url":"https:\/\/www.moseko.cz\/wp-content\/uploads\/img_a374610_w1708_t1586342828.jpg","height":0,"width":0},"url":"https:\/\/www.moseko.cz\/maly-interier-musime-rozsvitit\/","about":["Zbo\u017e\u00ed"],"wordCount":448,"articleBody":"       Pokud je n\u00e1\u0161 byt tmav\u00fd, na psychick\u00e9m ani fyzick\u00e9m zdrav\u00ed n\u00e1m to moc nep\u0159id\u00e1. Je pot\u0159eba tam sv\u011btlo dostat! Kdy\u017e nen\u00ed dost toho p\u0159irozen\u00e9ho, ze slune\u010dn\u00edch paprsk\u016f, pom\u016f\u017ee \u0161ikovn\u00e9 um\u011bl\u00e9 osv\u011btlen\u00ed! Po\u0159\u00e1dn\u011b posv\u00edtit si mus\u00edme hlavn\u011b v bytech mal\u00fdch. Nechceme p\u0159eci, aby se podobaly tmav\u00fdm kobk\u00e1m! Za\u0159\u00eddit mali\u010dk\u00fd byt tak, aby se z n\u011bj stal hezk\u00fd sv\u011btl\u00fd domov, s t\u00edm maj\u00ed dost pr\u00e1ce i zku\u0161en\u00ed interi\u00e9rov\u00ed architekti! Kdy\u017e se to ov\u0161em za\u0159\u00edd\u00ed spr\u00e1vn\u011b, bude v\u00fdsledek nejen kr\u00e1sn\u00fd, ale na\u0161e bydlen\u00ed se tak\u00e9 trochu opticky zv\u011bt\u0161\u00ed! Na co se zam\u011b\u0159it? P\u00e1r tip\u016f m\u00e1me! Sv\u011btlo slune\u010dn\u00ed I kdy\u017e se to zd\u00e1 n\u011bkdy vzhledem k orientaci m\u00edstnosti v dom\u011b t\u00e9m\u011b\u0159 nemo\u017en\u00e9, d\u00e1 se p\u00e1r slune\u010dn\u00edch paprsk\u016f nav\u00edc od oken d\u00e1l dovnit\u0159 v\u017edy dostat. V interi\u00e9ru se neboj\u00edme pou\u017e\u00edt pr\u016fhledn\u00e9 a polopr\u016fhledn\u00e9 materi\u00e1ly. Hod\u00ed se do v\u00fdpln\u00ed dve\u0159\u00ed, do cel\u00e9 plochy p\u0159\u00ed\u010dek i do r\u016fzn\u00fdch pr\u016fhled\u016f. Vhodn\u00e9 tak\u00e9 je pou\u017eit\u00ed skla a zrcadel. Takov\u00e9 \u0161ikovn\u011b um\u00edst\u011bn\u00e9 zrcadlo um\u00ed se sv\u011btlem \u010darovat! Um\u011bl\u00e9 osv\u011btlen\u00ed I kdy\u017e kouzlen\u00ed s denn\u00edm sv\u011btlem na\u0161e pokoje p\u0159eci jen nedok\u00e1\u017ee rozz\u00e1\u0159it dle na\u0161ich p\u0159edstav, nen\u00ed je\u0161t\u011b nic ztraceno. V\u017edy\u0165 je tolik mo\u017enost\u00ed za\u010dlenit do interi\u00e9ru kr\u00e1sn\u00e9 osv\u011btlen\u00ed um\u011bl\u00e9! Nap\u0159\u00edklad moc hezk\u00e9 modern\u00ed LED osv\u011btlen\u00ed. V dne\u0161n\u00ed dob\u011b se vyr\u00e1b\u00ed v mnoha variant\u00e1ch tvar\u016f, barev i design\u016f. M\u016f\u017eeme instalovat r\u016fzn\u011b velk\u00e9 panely na strop i st\u011bny, bodov\u00e1 sv\u011btla samostatn\u011b i v li\u0161t\u00e1ch nebo t\u0159eba p\u00e1sky na podsv\u00edcen\u00ed n\u00e1bytku v kuchyni i v ob\u00fdvac\u00edch pokoj\u00edch. Sta\u010d\u00ed si vybrat podle vlastn\u00edho vkusu a samoz\u0159ejm\u011b celkov\u00e9ho stylu za\u0159\u00edzen\u00ed na\u0161eho domova. Vhodn\u00e9 barvy Dal\u0161\u00ed mo\u017enost\u00ed, jak bydlen\u00ed rozz\u00e1\u0159it a trochu \u201ep\u0159ifouknout\u201c, je vz\u00edt si na pomoc barvy! Prvn\u00ed se nab\u00edz\u00ed b\u00edl\u00e1 klasika a jej\u00ed jemn\u00e9 odst\u00edny. Pokud m\u00e1me r\u00e1di v\u011bt\u0161\u00ed barevnost, je k dispozici pestr\u00e1 paleta sv\u011btl\u00fdch barevn\u00fdch odst\u00edn\u016f. Moc hezky m\u016f\u017ee vypadat nap\u0159\u00edklad z\u00e1\u0159iv\u00e1 (slun\u00ed\u010dkov\u00e1) \u017elut\u00e1, b\u00e9\u017eov\u00e1, meru\u0148kov\u00e1, sv\u011btle hn\u011bd\u00e1. Z barev studen\u00fdch t\u0159eba sv\u011btl\u00e1 zelen\u00e1 a modr\u00e1, i v sou\u010dasn\u00e9 dob\u011b hodn\u011b obl\u00edben\u00e1 sv\u011btle \u0161ed\u00e1.                                                                                                                                                                                                                                                                                                                                                                                          3.7\/5 - (7 votes)        "},{"@context":"https:\/\/schema.org\/","@type":"BreadcrumbList","itemListElement":[{"@type":"ListItem","position":1,"name":"Mal\u00fd interi\u00e9r mus\u00edme rozsv\u00edtit!","item":"https:\/\/www.moseko.cz\/maly-interier-musime-rozsvitit\/#breadcrumbitem"}]}]