[{"@context":"https:\/\/schema.org\/","@type":"Article","@id":"https:\/\/www.moseko.cz\/krasna-vzpominka-na-vas-svatebni-den\/#Article","mainEntityOfPage":"https:\/\/www.moseko.cz\/krasna-vzpominka-na-vas-svatebni-den\/","headline":"Kr\u00e1sn\u00e1 vzpom\u00ednka na V\u00e1s svatebn\u00ed den","name":"Kr\u00e1sn\u00e1 vzpom\u00ednka na V\u00e1s svatebn\u00ed den","description":"Je n\u00e1dhern\u00e9, kdy\u017e se na sv\u011bt\u011b najdou dva lid\u00e9, kte\u0159\u00ed cht\u011bj\u00ed spole\u010dn\u011b str\u00e1vit cel\u00fd zbytek \u017eivota. Vstup do man\u017eelstv\u00ed je ud\u00e1lost, kterou mus\u00edte oslavit spole\u010dn\u011b se v\u0161emi lidmi, kter\u00e9 m\u00e1te r\u00e1di. Svatebn\u00ed ozn\u00e1men\u00ed V\u00e1s s t\u00edm skv\u011ble pom\u016f\u017ee! Jedn\u00e1 o velice vkusnou formu, kterou d\u00e1te vybran\u00fdm host\u016fm najevo, \u017ee byste byli pot\u011b\u0161en\u00ed, kdyby s V\u00e1mi oslavili V\u00e1\u0161 velk\u00fd den. Chcete-li [&hellip;]","datePublished":"2023-10-12","dateModified":"2023-10-12","author":{"@type":"Person","@id":"https:\/\/www.moseko.cz\/author\/#Person","name":"","url":"https:\/\/www.moseko.cz\/author\/","identifier":1,"image":{"@type":"ImageObject","@id":"https:\/\/secure.gravatar.com\/avatar\/0c4621640b5c0734669aeb181ef77969b528487727344f28e734a206566ea0f1?s=96&d=mm&r=g","url":"https:\/\/secure.gravatar.com\/avatar\/0c4621640b5c0734669aeb181ef77969b528487727344f28e734a206566ea0f1?s=96&d=mm&r=g","height":96,"width":96}},"publisher":{"@type":"Organization","name":"moseko.cz","logo":{"@type":"ImageObject","@id":"\/logo.png","url":"\/logo.png","width":600,"height":60}},"url":"https:\/\/www.moseko.cz\/krasna-vzpominka-na-vas-svatebni-den\/","wordCount":242,"articleBody":"Je n\u00e1dhern\u00e9, kdy\u017e se na sv\u011bt\u011b najdou dva lid\u00e9, kte\u0159\u00ed cht\u011bj\u00ed spole\u010dn\u011b str\u00e1vit cel\u00fd zbytek \u017eivota. Vstup do man\u017eelstv\u00ed je ud\u00e1lost, kterou mus\u00edte oslavit spole\u010dn\u011b se v\u0161emi lidmi, kter\u00e9 m\u00e1te r\u00e1di. Svatebn\u00ed ozn\u00e1men\u00ed V\u00e1s s t\u00edm skv\u011ble pom\u016f\u017ee! Jedn\u00e1 o velice vkusnou formu, kterou d\u00e1te vybran\u00fdm host\u016fm najevo, \u017ee byste byli pot\u011b\u0161en\u00ed, kdyby s V\u00e1mi oslavili V\u00e1\u0161 velk\u00fd den. Chcete-li ud\u011blat hned dobr\u00fd prvotn\u00ed dojem, vyberte si pozv\u00e1nku pr\u00e1v\u011b od na\u0161\u00ed spole\u010dnosti. Tiskneme opravdu n\u00e1dhern\u00e9 a origin\u00e1ln\u00ed kusy, kter\u00e9 podle p\u0159edstav snoubenc\u016f lad\u00edme do naprost\u00e9 dokonalosti. Nab\u00edz\u00edme kr\u00e1sn\u00e9 barevn\u00e9 varianty.Kr\u00e1sn\u00e1 upom\u00ednka pro v\u0161echnyV\u00fdb\u011br ozn\u00e1men\u00ed je jednou z nejd\u016fle\u017eit\u011bj\u0161\u00edch v\u011bc\u00ed, kter\u00e1 pat\u0159\u00ed k p\u0159\u00edprav\u00e1m pl\u00e1novan\u00e9 oslavy. Je stejn\u011b d\u016fle\u017eit\u00e1 jako v\u00fdb\u011br nev\u011bstin\u00fdch \u0161at\u016f, obleku pro \u017eenicha a zdoben\u00e9 kytice. Je to p\u0159ece prvn\u00ed v\u011bc, kterou uvid\u00ed Va\u0161i host\u00e9 v souvislosti s Va\u0161\u00edm velk\u00fdm dnem, proto pe\u010dliv\u011b vyb\u00edrejte, abyste byli s v\u00fdsledkem naprosto spokojen\u00ed! Nab\u00edz\u00edme V\u00e1m kr\u00e1sn\u00e9 barevn\u00e9 proveden\u00ed s vlastn\u00edm textem. Styl psan\u00ed si vyb\u00edr\u00e1te sami stejn\u011b jako barevn\u00fd t\u00f3n. Ud\u011bl\u00e1me v\u0161e, pro Va\u0161i naprostou spokojenost.                                                                                                                                                                                                                                                                                                                                                                                        4.5\/5 - (4 votes)        "},{"@context":"https:\/\/schema.org\/","@type":"BreadcrumbList","itemListElement":[{"@type":"ListItem","position":1,"name":"Kr\u00e1sn\u00e1 vzpom\u00ednka na V\u00e1s svatebn\u00ed den","item":"https:\/\/www.moseko.cz\/krasna-vzpominka-na-vas-svatebni-den\/#breadcrumbitem"}]}]