[{"@context":"https:\/\/schema.org\/","@type":"Article","@id":"https:\/\/www.moseko.cz\/kam-si-vzit-obleceni-znacky-kari-traa\/#Article","mainEntityOfPage":"https:\/\/www.moseko.cz\/kam-si-vzit-obleceni-znacky-kari-traa\/","headline":"Kam si vz\u00edt oble\u010den\u00ed zna\u010dky Kari Traa","name":"Kam si vz\u00edt oble\u010den\u00ed zna\u010dky Kari Traa","description":"Kari Traa je b\u00fdval\u00e1 \u0161pi\u010dkov\u00e1 ly\u017ea\u0159ka, reprezentovala Norsko v j\u00edzd\u011b v boul\u00edch na Mistrovstv\u00ed sv\u011bta i na Olympijsk\u00fdch hr\u00e1ch a dos\u00e1hla nev\u00eddan\u00fdch \u00fasp\u011bch\u016f. Po ukon\u010den\u00ed sv\u00e9 sportovn\u00ed kari\u00e9ry za\u010dala budovat sv\u016fj obchod se sportovn\u00edm d\u00e1msk\u00fdm oble\u010den\u00edm a my m\u00e1me nyn\u00ed tu \u010dest po\u0159\u00eddit si v\u00fdrobky t\u00e9to zna\u010dky, kter\u00e9 jsou dostupn\u00e9 i na na\u0161em trhu. P\u0159ipomenou n\u00e1m slavnou a p\u016fvabnou Norku, [&hellip;]","datePublished":"2024-09-11","dateModified":"2024-09-11","author":{"@type":"Person","@id":"https:\/\/www.moseko.cz\/author\/#Person","name":"","url":"https:\/\/www.moseko.cz\/author\/","identifier":1,"image":{"@type":"ImageObject","@id":"https:\/\/secure.gravatar.com\/avatar\/0c4621640b5c0734669aeb181ef77969b528487727344f28e734a206566ea0f1?s=96&d=mm&r=g","url":"https:\/\/secure.gravatar.com\/avatar\/0c4621640b5c0734669aeb181ef77969b528487727344f28e734a206566ea0f1?s=96&d=mm&r=g","height":96,"width":96}},"publisher":{"@type":"Organization","name":"moseko.cz","logo":{"@type":"ImageObject","@id":"\/logo.png","url":"\/logo.png","width":600,"height":60}},"image":{"@type":"ImageObject","@id":"https:\/\/www.moseko.cz\/wp-content\/uploads\/cold-1284028_640.jpg","url":"https:\/\/www.moseko.cz\/wp-content\/uploads\/cold-1284028_640.jpg","height":0,"width":0},"url":"https:\/\/www.moseko.cz\/kam-si-vzit-obleceni-znacky-kari-traa\/","wordCount":421,"articleBody":"   Kari Traa je b\u00fdval\u00e1 \u0161pi\u010dkov\u00e1 ly\u017ea\u0159ka, reprezentovala Norsko v j\u00edzd\u011b v boul\u00edch na Mistrovstv\u00ed sv\u011bta i na Olympijsk\u00fdch hr\u00e1ch a dos\u00e1hla nev\u00eddan\u00fdch \u00fasp\u011bch\u016f. Po ukon\u010den\u00ed sv\u00e9 sportovn\u00ed kari\u00e9ry za\u010dala budovat sv\u016fj obchod se sportovn\u00edm d\u00e1msk\u00fdm oble\u010den\u00edm a my m\u00e1me nyn\u00ed tu \u010dest po\u0159\u00eddit si v\u00fdrobky t\u00e9to zna\u010dky, kter\u00e9 jsou dostupn\u00e9 i na na\u0161em trhu. P\u0159ipomenou n\u00e1m slavnou a p\u016fvabnou Norku, pova\u017eovanou mnoha mu\u017ei za kr\u00e1lovnu kr\u00e1sy, ale podstatn\u00e9 je, \u017ee jej\u00ed od\u011bvn\u00ed sortiment, respektive produkty zhotoven\u00e9 a navr\u017een\u00e9 \u0161pi\u010dkov\u00fdmi od\u011bvn\u00edmi n\u00e1vrh\u00e1\u0159i a \u0159emesln\u00edky, mohou va\u0161e p\u0159\u00edtelkyn\u011b \u010di man\u017eelky, \u017eeny a d\u00edvky obl\u00e9kat k mnoha p\u0159\u00edle\u017eitostem.Jedeme na hory \u2013 m\u00e1te sbaleno na hory a chyst\u00e1te se vypravit t\u0159eba do Jizersk\u00fdch hor? Chcete-li tip na zaj\u00edmav\u00e9 m\u00edsto, kde se mnoha lidem opravdu l\u00edb\u00ed, pak vyb\u00edrejte ubytovac\u00ed za\u0159\u00edzen\u00ed na Mari\u00e1nsk\u00e9 ho\u0159e nad Albrechticemi v Jizersk\u00fdch hor\u00e1ch. Pr\u00e1v\u011b tam va\u0161e p\u0159\u00edtelkyn\u011b skv\u011ble u\u017eije trika, pono\u017eky, \u010delenky, n\u00e1kr\u010dn\u00edky, \u010depice, mikiny, svetry nebo kalhoty s pestr\u00fdmi vzory a kr\u00e1sn\u00fdmi barvami. A m\u00e1te-li r\u00e1di ly\u017eov\u00e1n\u00ed na p\u0159\u00edrodn\u00edm sn\u011bhu, kde je klid a kr\u00e1sn\u00fd v\u00fdhled, zkuste n\u011bkterou z tamn\u00edch sjezdovek.Jedeme na vodu \u2013 n\u011bkter\u00e9 oble\u010den\u00ed Kari Traa uplatn\u00edte i na vod\u00e1ck\u00e9 v\u00fdprav\u011b. A to bu\u010f v tepl\u00e9m \u010di chladn\u011bj\u0161\u00edm po\u010das\u00ed, zejm\u00e9na p\u0159i rann\u00edm a ve\u010dern\u00edm pohybu v kempech nebo na proch\u00e1zk\u00e1ch \u010cesk\u00fdm Krumlovem. Kari Traa c-store.cz se sice nespecializuje na vod\u00e1ck\u00e9 vybaven\u00ed, ale oble\u010den\u00ed tu u\u017eijete, i kdy\u017e bylo zhotoveno v Norsku a m\u00e1lokter\u00fd z Nor\u016f nav\u0161t\u00edvil horn\u00ed tok Vltavy.Civiln\u00ed \u017eivot \u2013 v\u00fdrobky z d\u00edlny Kari Traa nejsou ur\u010den\u00e9 v\u00fdhradn\u011b pro outdoor, uspokoj\u00ed v\u00e1s i p\u0159i pohybu ve m\u011bst\u011b, p\u0159i n\u00e1kupech, na proch\u00e1zk\u00e1ch se psem, p\u0159i j\u00edzd\u011b na kole nebo cestou do zam\u011bstn\u00e1n\u00ed. Jejich elegantn\u00ed vzhled se m\u016f\u017ee snadno zal\u00edbit i n\u011bkomu ve va\u0161em okol\u00ed a m\u016f\u017eete se tak st\u00e1t pro tyto osoby vhodnou inspirac\u00ed.                                                                                                                                                                                                                                                                                                                                                                                           4.2\/5 - (9 votes)        "},{"@context":"https:\/\/schema.org\/","@type":"BreadcrumbList","itemListElement":[{"@type":"ListItem","position":1,"name":"Kam si vz\u00edt oble\u010den\u00ed zna\u010dky Kari Traa","item":"https:\/\/www.moseko.cz\/kam-si-vzit-obleceni-znacky-kari-traa\/#breadcrumbitem"}]}]