[{"@context":"https:\/\/schema.org\/","@type":"Article","@id":"https:\/\/www.moseko.cz\/elektricke-svicky-na-vanocni-stromek\/#Article","mainEntityOfPage":"https:\/\/www.moseko.cz\/elektricke-svicky-na-vanocni-stromek\/","headline":"Elektrick\u00e9 sv\u00ed\u010dky na v\u00e1no\u010dn\u00ed stromek","name":"Elektrick\u00e9 sv\u00ed\u010dky na v\u00e1no\u010dn\u00ed stromek","description":"Pokud n\u011bco mnoho lid\u00ed vol\u00ed, jsou to elektrick\u00e9 sv\u00ed\u010dky na strome\u010dek. N\u011bco takov\u00e9ho je daleko lep\u0161\u00ed variantou ne\u017e zvolit sv\u00ed\u010dky, kter\u00e9 elektrick\u00e9 nejsou. Stalo se, \u017ee vzniklo mnoho po\u017e\u00e1r\u016f, a to pr\u00e1v\u011b kv\u016fli tomu, \u017ee \u010dlov\u011bk na strome\u010dku zap\u00e1lil re\u00e1ln\u00e9 sv\u00ed\u010dky. Je pravda, \u017ee v\u00a0d\u0159\u00edv\u011bj\u0161\u00edch dob\u00e1ch se n\u011bco takov\u00e9ho na strome\u010dky d\u00e1valo, ale \u010dlov\u011bk musel v\u0161e maxim\u00e1ln\u011b hl\u00eddat. Pr\u00e1v\u011b z\u00a0toho [&hellip;]","datePublished":"2025-01-28","dateModified":"2025-01-28","author":{"@type":"Person","@id":"https:\/\/www.moseko.cz\/author\/#Person","name":"","url":"https:\/\/www.moseko.cz\/author\/","identifier":1,"image":{"@type":"ImageObject","@id":"https:\/\/secure.gravatar.com\/avatar\/0c4621640b5c0734669aeb181ef77969b528487727344f28e734a206566ea0f1?s=96&d=mm&r=g","url":"https:\/\/secure.gravatar.com\/avatar\/0c4621640b5c0734669aeb181ef77969b528487727344f28e734a206566ea0f1?s=96&d=mm&r=g","height":96,"width":96}},"publisher":{"@type":"Organization","name":"moseko.cz","logo":{"@type":"ImageObject","@id":"\/logo.png","url":"\/logo.png","width":600,"height":60}},"image":{"@type":"ImageObject","@id":"https:\/\/www.moseko.cz\/wp-content\/uploads\/christmas-tree-5758765_640.jpg","url":"https:\/\/www.moseko.cz\/wp-content\/uploads\/christmas-tree-5758765_640.jpg","height":0,"width":0},"url":"https:\/\/www.moseko.cz\/elektricke-svicky-na-vanocni-stromek\/","about":["Elektro"],"wordCount":479,"articleBody":"Pokud n\u011bco mnoho lid\u00ed vol\u00ed, jsou to elektrick\u00e9 sv\u00ed\u010dky na strome\u010dek. N\u011bco takov\u00e9ho je daleko lep\u0161\u00ed variantou ne\u017e zvolit sv\u00ed\u010dky, kter\u00e9 elektrick\u00e9 nejsou. Stalo se, \u017ee vzniklo mnoho po\u017e\u00e1r\u016f, a to pr\u00e1v\u011b kv\u016fli tomu, \u017ee \u010dlov\u011bk na strome\u010dku zap\u00e1lil re\u00e1ln\u00e9 sv\u00ed\u010dky. Je pravda, \u017ee v\u00a0d\u0159\u00edv\u011bj\u0161\u00edch dob\u00e1ch se n\u011bco takov\u00e9ho na strome\u010dky d\u00e1valo, ale \u010dlov\u011bk musel v\u0161e maxim\u00e1ln\u011b hl\u00eddat. Pr\u00e1v\u011b z\u00a0toho d\u016fvodu vznikly elektrick\u00e9 sv\u00ed\u010dky, u kter\u00fdch se \u010dlov\u011bk nemus\u00ed ob\u00e1vat toho, \u017ee by cokoliv chytlo. Velkou v\u00fdhodou elektrick\u00fdch sv\u00ed\u010dek je to, \u017ee se daj\u00ed d\u00e1t jak na strome\u010dek \u017eiv\u00fd, tak i um\u011bl\u00fd. Nemus\u00edte se tedy ni\u010deho ob\u00e1vat.Pokud jde \u010dlov\u011bk kupovat sv\u00ed\u010dky na v\u00e1no\u010dn\u00ed strome\u010dek, m\u011bl by si promyslet, zda vsad\u00ed na sv\u00ed\u010dky s\u00a0tepl\u00fdm sv\u011btlem, studen\u00fdm sv\u011btlem nebo barevn\u00e9. Je tak\u00e9 dobr\u00e9 promyslet d\u00e9lku \u0159et\u011bzu a to proto, abyste nezakoupili n\u011bco, co bude bu\u010f p\u0159\u00edli\u0161 kr\u00e1tk\u00e9 nebo naopak p\u0159\u00edli\u0161 dlouh\u00e9. I s\u00a0n\u011b\u010d\u00edm takov\u00fdm se \u010dlov\u011bk m\u016f\u017ee pot\u00fdkat. Jestli\u017ee byste si nev\u011bd\u011bli rady, ur\u010dit\u011b je mo\u017en\u00e9 se v\u00a0obchod\u011b poradit a to zejm\u00e9na, pokud zde bude strome\u010dek podobn\u00e9 velikosti. Prod\u00e1vaj\u00edc\u00ed v\u00e1m ur\u010dit\u011b r\u00e1d pom\u016f\u017ee naj\u00edt p\u0159esn\u011b to, co bude pro v\u00e1\u0161 strome\u010dek vhodn\u00e9. Je mnoho t\u011bch, kte\u0159\u00ed si na v\u00e1no\u010dn\u00ed v\u00fdzdob\u011b d\u00e1vaj\u00ed velmi z\u00e1le\u017eet a to proto, \u017ee maj\u00ed V\u00e1noce r\u00e1di.Je jasn\u00e9, \u017ee zejm\u00e9na tito lid\u00e9 by mohli b\u00fdt zklaman\u00ed v\u00a0p\u0159\u00edpad\u011b, \u017ee by n\u011bco nebylo dle jejich p\u0159edstav, proto\u017ee by jim to nap\u0159\u00edklad nesed\u011blo rozm\u011brov\u011b. Pokud si \u010dlov\u011bk nen\u00ed n\u011b\u010d\u00edm jist\u00fd, m\u011bl by se poradit a to proto, aby nejen\u017ee zbyte\u010dn\u011b neutratil pen\u00edze ale tak\u00e9 proto, aby nebyl zklaman\u00fd. Je skute\u010dn\u011b mnoho lid\u00ed, kte\u0159\u00ed si d\u00e1vaj\u00ed velmi z\u00e1le\u017eet na sv\u00e9 v\u00e1no\u010dn\u00ed v\u00fdzdob\u011b. Mnoz\u00ed nemaj\u00ed sv\u011bt\u00fdlka pouze v\u00a0interi\u00e9ru, ale tak\u00e9 exteri\u00e9ru. P\u0159i v\u00fdb\u011bru je skute\u010dn\u011b pot\u0159eba d\u00e1vat pozor, a to nejen na rozm\u011bry, ale tak\u00e9 na to, kam jsou dan\u00e1 sv\u011btla vhodn\u00e1. To, co je ur\u010deno do interi\u00e9ru, opravdu nemus\u00ed b\u00fdt ur\u010deno i do exteri\u00e9ru. I vy si m\u016f\u017eete ud\u011blat p\u011bkn\u00e9 V\u00e1noce. Pokud si bude d\u00e1vat \u010dlov\u011bk pozor, a to zejm\u00e9na p\u0159i v\u00fdb\u011bru, pak m\u016f\u017ee v\u0161e vyj\u00edt tak, jak si p\u0159ejete.                                                                                                                                                                                                                                                                                                                                                                                        4.4\/5 - (8 votes)        "},{"@context":"https:\/\/schema.org\/","@type":"BreadcrumbList","itemListElement":[{"@type":"ListItem","position":1,"name":"Elektrick\u00e9 sv\u00ed\u010dky na v\u00e1no\u010dn\u00ed stromek","item":"https:\/\/www.moseko.cz\/elektricke-svicky-na-vanocni-stromek\/#breadcrumbitem"}]}]